{"id":262,"date":"2023-03-23T12:05:25","date_gmt":"2023-03-23T10:05:25","guid":{"rendered":"https:\/\/stafettkarnevalen.fi\/?p=262"},"modified":"2023-03-23T12:05:25","modified_gmt":"2023-03-23T10:05:25","slug":"anmalningstjansten-ar-oppnad","status":"publish","type":"post","link":"https:\/\/www.stafettkarnevalen.fi\/?p=262","title":{"rendered":"Anm\u00e4lningstj\u00e4nsten \u00e4r \u00f6ppnad"},"content":{"rendered":"\n<p>Anm\u00e4lningstj\u00e4nsten \u00e4r nu \u00f6ppnad! Anm\u00e4lningstiden \u00e4r 22.3 kl. 21:00 \u2013 14.4 23:59.<\/p>\n\n\n\n<p>G\u00e5 in och anm\u00e4l dig p\u00e5 <a href=\"https:\/\/stafapp.stafettkarnevalen.fi\/\">https:\/\/stafapp.stafettkarnevalen.fi\/<\/a><\/p>\n","protected":false},"excerpt":{"rendered":"<p>Anm\u00e4lningstj\u00e4nsten \u00e4r nu \u00f6ppnad! Anm\u00e4lningstiden \u00e4r 22.3 kl. 21:00 \u2013 14.4 23:59. G\u00e5 in och anm\u00e4l dig p\u00e5 https:\/\/stafapp.stafettkarnevalen.fi\/<\/p>\n","protected":false},"author":3,"featured_media":491,"comment_status":"closed","ping_status":"open","sticky":false,"template":"","format":"standard","meta":{"footnotes":""},"categories":[1],"tags":[],"class_list":["post-262","post","type-post","status-publish","format-standard","has-post-thumbnail","hentry","category-uncategorized"],"_links":{"self":[{"href":"https:\/\/www.stafettkarnevalen.fi\/index.php?rest_route=\/wp\/v2\/posts\/262","targetHints":{"allow":["GET"]}}],"collection":[{"href":"https:\/\/www.stafettkarnevalen.fi\/index.php?rest_route=\/wp\/v2\/posts"}],"about":[{"href":"https:\/\/www.stafettkarnevalen.fi\/index.php?rest_route=\/wp\/v2\/types\/post"}],"author":[{"embeddable":true,"href":"https:\/\/www.stafettkarnevalen.fi\/index.php?rest_route=\/wp\/v2\/users\/3"}],"replies":[{"embeddable":true,"href":"https:\/\/www.stafettkarnevalen.fi\/index.php?rest_route=%2Fwp%2Fv2%2Fcomments&post=262"}],"version-history":[{"count":0,"href":"https:\/\/www.stafettkarnevalen.fi\/index.php?rest_route=\/wp\/v2\/posts\/262\/revisions"}],"wp:featuredmedia":[{"embeddable":true,"href":"https:\/\/www.stafettkarnevalen.fi\/index.php?rest_route=\/wp\/v2\/media\/491"}],"wp:attachment":[{"href":"https:\/\/www.stafettkarnevalen.fi\/index.php?rest_route=%2Fwp%2Fv2%2Fmedia&parent=262"}],"wp:term":[{"taxonomy":"category","embeddable":true,"href":"https:\/\/www.stafettkarnevalen.fi\/index.php?rest_route=%2Fwp%2Fv2%2Fcategories&post=262"},{"taxonomy":"post_tag","embeddable":true,"href":"https:\/\/www.stafettkarnevalen.fi\/index.php?rest_route=%2Fwp%2Fv2%2Ftags&post=262"}],"curies":[{"name":"wp","href":"https:\/\/api.w.org\/{rel}","templated":true}]}}