{"id":270,"date":"2023-03-24T14:35:16","date_gmt":"2023-03-24T12:35:16","guid":{"rendered":"https:\/\/stafettkarnevalen.fi\/?p=270"},"modified":"2023-03-24T14:35:16","modified_gmt":"2023-03-24T12:35:16","slug":"aktia-webinar-skot-arenden-smidigt-och-sakert-sa-anvander-du-vara-digitala-tjanster-och-minimerar-riskerna","status":"publish","type":"post","link":"https:\/\/www.stafettkarnevalen.fi\/?p=270","title":{"rendered":"Aktia webinar: Sk\u00f6t \u00e4renden smidigt och s\u00e4kert \u2013 s\u00e5 anv\u00e4nder du v\u00e5ra digitala tj\u00e4nster och minimerar riskerna"},"content":{"rendered":"\n<p>Tid: tisdagen den 18.4 kl. 17-18<\/p>\n\n\n\n<p>Banktj\u00e4nsterna har alltmer f\u00f6rflyttat sig till den digitala v\u00e4rlden, och det \u00e4r viktigt att anv\u00e4ndningen av tj\u00e4nsterna \u00e4r smidig och trygg. V\u00e5rt m\u00e5l p\u00e5 Aktia \u00e4r att s\u00e4kerst\u00e4lla att v\u00e5ra kunder har den kompetens som kr\u00e4vs f\u00f6r att s\u00e4kert kunna anv\u00e4nda digitala tj\u00e4nster.<\/p>\n\n\n\n<p>V\u00e4lkommen med och lyssna p\u00e5 v\u00e5ra sakkunniga ber\u00e4tta om trygga digitala tj\u00e4nster p\u00e5 Aktias webinarium 18.4 kl. 17.00. I webinariet ber\u00e4ttar vi om hur du anv\u00e4nder Aktia Mobilbanken och Aktia ID-appen i dina egna bank\u00e4renden, diskuterar s\u00e4kra betalningss\u00e4tt och ger de viktigaste tipsen g\u00e4llande informationss\u00e4kerhet och hur du sk\u00f6ter dina bank\u00e4renden tryggt p\u00e5 n\u00e4tet. Hanna Hohteri-Sippel, som ansvarar f\u00f6r personkundernas produkter och tj\u00e4nster p\u00e5 Aktia, och Aktias informationss\u00e4kerhetsspecialist Joakim Kiuru bekantar dig i \u00e4mnet.<\/p>\n\n\n\n<p> Anm\u00e4l dig: <a href=\"https:\/\/aktia.fi\/sv\/webinar?fbclid=IwAR35ymFbr3oVFMLyyav1IgWmBNp0ioP-4b73qVtZuu3yCE5HWFFC9omiRgw\" target=\"_blank\" rel=\"noreferrer noopener\">https:\/\/aktia.fi\/sv\/webinar<\/a><\/p>\n","protected":false},"excerpt":{"rendered":"<p>Tid: tisdagen den 18.4 kl. 17-18 Banktj\u00e4nsterna har alltmer f\u00f6rflyttat sig till den digitala v\u00e4rlden, och det \u00e4r viktigt att[&#8230;]<\/p>\n","protected":false},"author":3,"featured_media":0,"comment_status":"closed","ping_status":"open","sticky":false,"template":"","format":"standard","meta":{"footnotes":""},"categories":[1],"tags":[],"class_list":["post-270","post","type-post","status-publish","format-standard","hentry","category-uncategorized"],"_links":{"self":[{"href":"https:\/\/www.stafettkarnevalen.fi\/index.php?rest_route=\/wp\/v2\/posts\/270","targetHints":{"allow":["GET"]}}],"collection":[{"href":"https:\/\/www.stafettkarnevalen.fi\/index.php?rest_route=\/wp\/v2\/posts"}],"about":[{"href":"https:\/\/www.stafettkarnevalen.fi\/index.php?rest_route=\/wp\/v2\/types\/post"}],"author":[{"embeddable":true,"href":"https:\/\/www.stafettkarnevalen.fi\/index.php?rest_route=\/wp\/v2\/users\/3"}],"replies":[{"embeddable":true,"href":"https:\/\/www.stafettkarnevalen.fi\/index.php?rest_route=%2Fwp%2Fv2%2Fcomments&post=270"}],"version-history":[{"count":0,"href":"https:\/\/www.stafettkarnevalen.fi\/index.php?rest_route=\/wp\/v2\/posts\/270\/revisions"}],"wp:attachment":[{"href":"https:\/\/www.stafettkarnevalen.fi\/index.php?rest_route=%2Fwp%2Fv2%2Fmedia&parent=270"}],"wp:term":[{"taxonomy":"category","embeddable":true,"href":"https:\/\/www.stafettkarnevalen.fi\/index.php?rest_route=%2Fwp%2Fv2%2Fcategories&post=270"},{"taxonomy":"post_tag","embeddable":true,"href":"https:\/\/www.stafettkarnevalen.fi\/index.php?rest_route=%2Fwp%2Fv2%2Ftags&post=270"}],"curies":[{"name":"wp","href":"https:\/\/api.w.org\/{rel}","templated":true}]}}