{"id":515,"date":"2024-05-17T20:35:19","date_gmt":"2024-05-17T17:35:19","guid":{"rendered":"https:\/\/www.stafettkarnevalen.fi\/?p=515"},"modified":"2024-05-18T21:17:12","modified_gmt":"2024-05-18T18:17:12","slug":"stafettkarnevalens-basta-hejarramsa-ak-1-6-2024","status":"publish","type":"post","link":"https:\/\/www.stafettkarnevalen.fi\/?p=515","title":{"rendered":"B\u00e4sta hejarramsa \u00e5rskurs 1-6 2024"},"content":{"rendered":"\n<p>Stafettkarnevalens traditionella hejarramset\u00e4vling, d\u00e4r texten i ramsorna har f\u00e5tt t\u00e4vla sinsemellan har avgjorts. T\u00e4vlingen indelades i tv\u00e5 klasser: \u00e5k 1-6 och \u00e5k 7-9\/andra stadiet.<\/p>\n\n\n\n<p>T\u00e4vlingsjuryn po\u00e4ngterade att en bra hejarramsa b\u00f6r vara rytmisk, en bra st\u00f6dande melodi \u00e4r ett plus. Ramsan ska ha en fyndig text som g\u00e4rna kan ha lokal f\u00e4rg och ska uppmuntra det egna laget, utan att vara negativ mot andra lag. Ramsan b\u00f6r ocks\u00e5 ge uttryck f\u00f6r st\u00e4mningen p\u00e5 karnevalen, uttrycka lekfullhet, gemenskap och samh\u00f6righet, dvs. binda samman eleverna p\u00e5 l\u00e4ktarna och de l\u00f6pande lagen p\u00e5 planen. Speciellt ovanliga melodier och underfundiga texter premierades.<\/p>\n\n\n\n<p>I klassen f\u00f6r \u00e5k 1-6 vann Kyrkfj\u00e4rdens skola, Ing\u00e5: Klappa h\u00e4nderna<\/p>\n\n\n\n<p>Motivering: Ramsan \u00e4r rytmisk och f\u00f6rmedlar en glad och positiv st\u00e4mning. Den \u00e4r l\u00e4tt att l\u00e4ra sig och l\u00e4tt att g\u00f6ra koreografier till. Ramsan f\u00f6rmedlar allts\u00e5 bra st\u00e4mningen och andan p\u00e5 Stafettkarnevalen.&nbsp;&nbsp;&nbsp;&nbsp;&nbsp;&nbsp;&nbsp;&nbsp;&nbsp;&nbsp;&nbsp;&nbsp;&nbsp;&nbsp;&nbsp;&nbsp;&nbsp;&nbsp;&nbsp;&nbsp;&nbsp;&nbsp;&nbsp;&nbsp;&nbsp;&nbsp;&nbsp;&nbsp;&nbsp;&nbsp;&nbsp;&nbsp;&nbsp;&nbsp;&nbsp;&nbsp;&nbsp;&nbsp;&nbsp;&nbsp;&nbsp;&nbsp;&nbsp;&nbsp;&nbsp;&nbsp;&nbsp;&nbsp;&nbsp;&nbsp;&nbsp;&nbsp;&nbsp;&nbsp;&nbsp;&nbsp;&nbsp;&nbsp;&nbsp;&nbsp;&nbsp;&nbsp;&nbsp;&nbsp;&nbsp;&nbsp;&nbsp;&nbsp;&nbsp;&nbsp;&nbsp;&nbsp;&nbsp;&nbsp;&nbsp;&nbsp;&nbsp;&nbsp;&nbsp;&nbsp;&nbsp;&nbsp;&nbsp;&nbsp;<\/p>\n\n\n\n<p><strong>Klappa h\u00e4nderna<\/strong><strong><br><\/strong>Melodi: Klappa h\u00e4nderna (n\u00e4r du \u00e4r riktigt glad)<\/p>\n\n\n\n<p>Klappa h\u00e4nderna om Kyrkfj\u00e4rden \u00e4r b\u00e4st,<br>Klappa h\u00e4nderna n\u00e4r vi har guldfest,<br>Klappa h\u00e4nderna n\u00e4r vi springer, f\u00f6r ni vet v\u00e4l att vi vinner,<br>Klappa h\u00e4nderna f\u00f6r Kyrkfj\u00e4rden E B\u00c4ST!<\/p>\n\n\n\n<p>Texten har f\u00f6rfattats av flickor i \u00e5k 5.<\/p>\n\n\n\n<p>P\u00e5 fr\u00e5gor svarar <\/p>\n\n\n\n<p>Barbara \u00c5kerberg<br>+35840 545 2260<\/p>\n","protected":false},"excerpt":{"rendered":"<p>Stafettkarnevalens traditionella hejarramset\u00e4vling, d\u00e4r texten i ramsorna har f\u00e5tt t\u00e4vla sinsemellan har avgjorts. T\u00e4vlingen indelades i tv\u00e5 klasser: \u00e5k 1-6[&#8230;]<\/p>\n","protected":false},"author":4,"featured_media":0,"comment_status":"open","ping_status":"open","sticky":false,"template":"","format":"standard","meta":{"footnotes":""},"categories":[1],"tags":[],"class_list":["post-515","post","type-post","status-publish","format-standard","hentry","category-uncategorized"],"_links":{"self":[{"href":"https:\/\/www.stafettkarnevalen.fi\/index.php?rest_route=\/wp\/v2\/posts\/515","targetHints":{"allow":["GET"]}}],"collection":[{"href":"https:\/\/www.stafettkarnevalen.fi\/index.php?rest_route=\/wp\/v2\/posts"}],"about":[{"href":"https:\/\/www.stafettkarnevalen.fi\/index.php?rest_route=\/wp\/v2\/types\/post"}],"author":[{"embeddable":true,"href":"https:\/\/www.stafettkarnevalen.fi\/index.php?rest_route=\/wp\/v2\/users\/4"}],"replies":[{"embeddable":true,"href":"https:\/\/www.stafettkarnevalen.fi\/index.php?rest_route=%2Fwp%2Fv2%2Fcomments&post=515"}],"version-history":[{"count":2,"href":"https:\/\/www.stafettkarnevalen.fi\/index.php?rest_route=\/wp\/v2\/posts\/515\/revisions"}],"predecessor-version":[{"id":532,"href":"https:\/\/www.stafettkarnevalen.fi\/index.php?rest_route=\/wp\/v2\/posts\/515\/revisions\/532"}],"wp:attachment":[{"href":"https:\/\/www.stafettkarnevalen.fi\/index.php?rest_route=%2Fwp%2Fv2%2Fmedia&parent=515"}],"wp:term":[{"taxonomy":"category","embeddable":true,"href":"https:\/\/www.stafettkarnevalen.fi\/index.php?rest_route=%2Fwp%2Fv2%2Fcategories&post=515"},{"taxonomy":"post_tag","embeddable":true,"href":"https:\/\/www.stafettkarnevalen.fi\/index.php?rest_route=%2Fwp%2Fv2%2Ftags&post=515"}],"curies":[{"name":"wp","href":"https:\/\/api.w.org\/{rel}","templated":true}]}}