{"id":517,"date":"2024-05-17T20:36:54","date_gmt":"2024-05-17T17:36:54","guid":{"rendered":"https:\/\/www.stafettkarnevalen.fi\/?p=517"},"modified":"2024-05-18T21:15:50","modified_gmt":"2024-05-18T18:15:50","slug":"stafettkarnevalens-basta-maskot-2024","status":"publish","type":"post","link":"https:\/\/www.stafettkarnevalen.fi\/?p=517","title":{"rendered":"B\u00e4sta maskot 2024"},"content":{"rendered":"\n<p>Det f\u00f6rsta priset under \u00e5rets karneval har nu delats ut! Den traditionella maskott\u00e4vlingen avg\u00f6rs vid inmarschen och vi kan bara s\u00e4ga: T\u00e5get stannar i Ing\u00e5 igen, lika s\u00e5 g\u00f6r pokalen. I \u00e5r var det allts\u00e5 Kyrkfj\u00e4rdens skola fr\u00e5n Ing\u00e5 som kammade hem priset.&nbsp;<\/p>\n\n\n\n<p>En s\u00e4llan sk\u00e5dad kreation som gjorde att inmarschen l\u00f6pte som p\u00e5 r\u00e4ls. Ett fyndigt lok med tillh\u00f6rande vagnar som bars av stolthet av skolans elever. Vi kan bara ana ett skolans elever med l\u00e4rare satt en hel del arbetstid p\u00e5 att skapa denna fina kreation.&nbsp;&nbsp;<\/p>\n\n\n\n<p>Ett stort grattis s\u00e4ger vi till Kyrkfj\u00e4rdens skola i Ing\u00e5!&nbsp;<\/p>\n\n\n\n<p><strong>P\u00e5 fr\u00e5gor svarar&nbsp;<\/strong><\/p>\n\n\n\n<p>Jeanette Harf <br>Presschef<br>+3585060400<br>jeanette.harf@idrott.fi<\/p>\n","protected":false},"excerpt":{"rendered":"<p>Det f\u00f6rsta priset under \u00e5rets karneval har nu delats ut! Den traditionella maskott\u00e4vlingen avg\u00f6rs vid inmarschen och vi kan bara[&#8230;]<\/p>\n","protected":false},"author":4,"featured_media":0,"comment_status":"open","ping_status":"open","sticky":false,"template":"","format":"standard","meta":{"footnotes":""},"categories":[1],"tags":[],"class_list":["post-517","post","type-post","status-publish","format-standard","hentry","category-uncategorized"],"_links":{"self":[{"href":"https:\/\/www.stafettkarnevalen.fi\/index.php?rest_route=\/wp\/v2\/posts\/517","targetHints":{"allow":["GET"]}}],"collection":[{"href":"https:\/\/www.stafettkarnevalen.fi\/index.php?rest_route=\/wp\/v2\/posts"}],"about":[{"href":"https:\/\/www.stafettkarnevalen.fi\/index.php?rest_route=\/wp\/v2\/types\/post"}],"author":[{"embeddable":true,"href":"https:\/\/www.stafettkarnevalen.fi\/index.php?rest_route=\/wp\/v2\/users\/4"}],"replies":[{"embeddable":true,"href":"https:\/\/www.stafettkarnevalen.fi\/index.php?rest_route=%2Fwp%2Fv2%2Fcomments&post=517"}],"version-history":[{"count":2,"href":"https:\/\/www.stafettkarnevalen.fi\/index.php?rest_route=\/wp\/v2\/posts\/517\/revisions"}],"predecessor-version":[{"id":531,"href":"https:\/\/www.stafettkarnevalen.fi\/index.php?rest_route=\/wp\/v2\/posts\/517\/revisions\/531"}],"wp:attachment":[{"href":"https:\/\/www.stafettkarnevalen.fi\/index.php?rest_route=%2Fwp%2Fv2%2Fmedia&parent=517"}],"wp:term":[{"taxonomy":"category","embeddable":true,"href":"https:\/\/www.stafettkarnevalen.fi\/index.php?rest_route=%2Fwp%2Fv2%2Fcategories&post=517"},{"taxonomy":"post_tag","embeddable":true,"href":"https:\/\/www.stafettkarnevalen.fi\/index.php?rest_route=%2Fwp%2Fv2%2Ftags&post=517"}],"curies":[{"name":"wp","href":"https:\/\/api.w.org\/{rel}","templated":true}]}}