{"id":534,"date":"2024-05-18T21:19:03","date_gmt":"2024-05-18T18:19:03","guid":{"rendered":"https:\/\/www.stafettkarnevalen.fi\/?p=534"},"modified":"2024-05-18T21:19:03","modified_gmt":"2024-05-18T18:19:03","slug":"basta-hejarklack-grundskolor-arskurs-7-9-andra-stadiet-under-25-deltagare-2024","status":"publish","type":"post","link":"https:\/\/www.stafettkarnevalen.fi\/?p=534","title":{"rendered":"B\u00e4sta hejarklack, grundskolor \u00e5rskurs 7-9 &amp; andra stadiet under 25 deltagare 2024"},"content":{"rendered":"\n<p>I t\u00e4vlingen f\u00f6r b\u00e4sta hejarklack, i klassen f\u00f6r <strong>\u00e5rskurserna 7-9\/andra stadiet under 25 deltagare<\/strong>, var det i \u00e5r<strong> S:t Olofsskolan fr\u00e5n \u00c5bo<\/strong>. Totalt deltog 9 hejarklackar i t\u00e4vlingen.<\/p>\n\n\n\n<p>Motivering: I vimlet p\u00e5 l\u00e4ktaren kan man l\u00e4tt f\u00e5 syn p\u00e5 detta orange-vit-svart-f\u00e4rgade glada g\u00e4ng som med h\u00f6g st\u00e4mma och glada ramsor lyckas f\u00f6rmedla sitt budskap och h\u00f6ja st\u00e4mningen p\u00e5 karnevalen.&nbsp;<\/p>\n\n\n\n<p><strong>F\u00f6r mera information<\/strong><\/p>\n\n\n\n<p>Jeanette Harf<br>Pressansvarig<br>+3585060400<br>jeanette.harf@idrott.fi<\/p>\n","protected":false},"excerpt":{"rendered":"<p>I t\u00e4vlingen f\u00f6r b\u00e4sta hejarklack, i klassen f\u00f6r \u00e5rskurserna 7-9\/andra stadiet under 25 deltagare, var det i \u00e5r S:t Olofsskolan[&#8230;]<\/p>\n","protected":false},"author":4,"featured_media":0,"comment_status":"open","ping_status":"open","sticky":false,"template":"","format":"standard","meta":{"footnotes":""},"categories":[1],"tags":[],"class_list":["post-534","post","type-post","status-publish","format-standard","hentry","category-uncategorized"],"_links":{"self":[{"href":"https:\/\/www.stafettkarnevalen.fi\/index.php?rest_route=\/wp\/v2\/posts\/534","targetHints":{"allow":["GET"]}}],"collection":[{"href":"https:\/\/www.stafettkarnevalen.fi\/index.php?rest_route=\/wp\/v2\/posts"}],"about":[{"href":"https:\/\/www.stafettkarnevalen.fi\/index.php?rest_route=\/wp\/v2\/types\/post"}],"author":[{"embeddable":true,"href":"https:\/\/www.stafettkarnevalen.fi\/index.php?rest_route=\/wp\/v2\/users\/4"}],"replies":[{"embeddable":true,"href":"https:\/\/www.stafettkarnevalen.fi\/index.php?rest_route=%2Fwp%2Fv2%2Fcomments&post=534"}],"version-history":[{"count":1,"href":"https:\/\/www.stafettkarnevalen.fi\/index.php?rest_route=\/wp\/v2\/posts\/534\/revisions"}],"predecessor-version":[{"id":535,"href":"https:\/\/www.stafettkarnevalen.fi\/index.php?rest_route=\/wp\/v2\/posts\/534\/revisions\/535"}],"wp:attachment":[{"href":"https:\/\/www.stafettkarnevalen.fi\/index.php?rest_route=%2Fwp%2Fv2%2Fmedia&parent=534"}],"wp:term":[{"taxonomy":"category","embeddable":true,"href":"https:\/\/www.stafettkarnevalen.fi\/index.php?rest_route=%2Fwp%2Fv2%2Fcategories&post=534"},{"taxonomy":"post_tag","embeddable":true,"href":"https:\/\/www.stafettkarnevalen.fi\/index.php?rest_route=%2Fwp%2Fv2%2Ftags&post=534"}],"curies":[{"name":"wp","href":"https:\/\/api.w.org\/{rel}","templated":true}]}}