{"id":700,"date":"2025-05-23T20:20:58","date_gmt":"2025-05-23T17:20:58","guid":{"rendered":"https:\/\/www.stafettkarnevalen.fi\/?p=700"},"modified":"2025-05-27T22:48:53","modified_gmt":"2025-05-27T19:48:53","slug":"stafettkarnevalens-basta-hejarramsa-2025-arskurs-1-6","status":"publish","type":"post","link":"https:\/\/www.stafettkarnevalen.fi\/?p=700","title":{"rendered":"Stafettkarnevalens b\u00e4sta hejarramsa 2025 &#8211; \u00e5rskurs 1-6"},"content":{"rendered":"\n<p>Stafettkarnevalens traditionella hejarramset\u00e4vling, d\u00e4r texten i ramsorna har f\u00e5tt t\u00e4vla sinsemellan har avgjorts. T\u00e4vlingen indelades i tv\u00e5 klasser: \u00e5k 1-6 och \u00e5k 7-9\/andra stadiet. Nytt f\u00f6r i \u00e5r var att varje skola fick l\u00e4mna in en f\u00f6rhandsinspelad video, d\u00e4r eleverna framf\u00f6r ramsan. Inom utsatt tid inkom f\u00f6r l\u00e5gstadiernas del 12 bidrag. Bara bada bastu var en popul\u00e4r hejarramsel\u00e5t i \u00e5r, ungef\u00e4r en tredjedel av bidragen hade l\u00e5ten som musik.<\/p>\n\n\n\n<p>T\u00e4vlingsjuryn po\u00e4ngterade att en bra hejarramsa b\u00f6r vara rytmisk, en bra st\u00f6dande melodi \u00e4r ett plus. Ramsan ska ha en fyndig text som g\u00e4rna kan ha lokal f\u00e4rg och ska uppmuntra det egna laget, utan att vara negativ mot andra lag. Ramsan b\u00f6r ocks\u00e5 ge uttryck f\u00f6r st\u00e4mningen p\u00e5 karnevalen, uttrycka lekfullhet, gemenskap och samh\u00f6righet, dvs. binda samman eleverna p\u00e5 l\u00e4ktarna och de l\u00f6pande lagen p\u00e5 planen.&nbsp;<\/p>\n\n\n\n<p><strong>I klassen f\u00f6r \u00e5k 1-6 vann Svenska samskolan i Tammerfors med ramsan &#8221;Vi kom f\u00f6r att vinna<\/strong>&#8221;<\/p>\n\n\n\n<p><strong>Motivering<\/strong><br>Ramsan fungerar bra som hejarramsa, den \u00e4r kort och koncis, men ocks\u00e5 aktuell och humoristisk, och man anknyter till hemstaden Tammerfors.<\/p>\n\n\n\n<figure class=\"wp-block-video\"><video controls src=\"http:\/\/www.stafettkarnevalen.fi\/wp-content\/uploads\/2025\/05\/Grundskolor-arskurs-1-6-vinnare-SST-Svenska-Samskolan-i-Tammerfors.mp4\"><\/video><\/figure>\n\n\n\n<p><strong>Vi kom f\u00f6r att vinna<\/strong><br>(melodi: KAJ: Bara bada bastu)<\/p>\n\n\n\n<p>Vi kom f\u00f6r att vinna, vinna!<br>Kom igen och h\u00e5ll takten, n\u00e5jaa!<br>Bastustaden, det \u00e4r vi som \u00e4ger,<br>spring fort som forsen, jaa!<br><br>Kom ih\u00e5g att springa, springa!<br>Kom igen och heja p\u00e5 v\u00e5rt lag!<br>Ooh oooh ooooh<br>Tammerfors \u00e4r b\u00e4st!<br><br>Yksi, kaksi, kolme, SST!<\/p>\n\n\n\n<p><strong>P\u00e5 fr\u00e5gor svarar<\/strong><br><br>Jeanette Harf<br>Presschef<br>Stafettkarnevalen<\/p>\n\n\n\n<p>+35850 60 400 &nbsp; &nbsp; &nbsp; &nbsp; &nbsp; &nbsp; &nbsp; &nbsp; &nbsp; &nbsp; &nbsp; &nbsp;<br>jeanette.harf@idrott.fi &nbsp; &nbsp; &nbsp;<\/p>\n","protected":false},"excerpt":{"rendered":"<p>Stafettkarnevalens traditionella hejarramset\u00e4vling, d\u00e4r texten i ramsorna har f\u00e5tt t\u00e4vla sinsemellan har avgjorts. T\u00e4vlingen indelades i tv\u00e5 klasser: \u00e5k 1-6[&#8230;]<\/p>\n","protected":false},"author":4,"featured_media":0,"comment_status":"open","ping_status":"open","sticky":false,"template":"","format":"standard","meta":{"footnotes":""},"categories":[9],"tags":[],"class_list":["post-700","post","type-post","status-publish","format-standard","hentry","category-stafettkarnevalen-2025"],"_links":{"self":[{"href":"https:\/\/www.stafettkarnevalen.fi\/index.php?rest_route=\/wp\/v2\/posts\/700","targetHints":{"allow":["GET"]}}],"collection":[{"href":"https:\/\/www.stafettkarnevalen.fi\/index.php?rest_route=\/wp\/v2\/posts"}],"about":[{"href":"https:\/\/www.stafettkarnevalen.fi\/index.php?rest_route=\/wp\/v2\/types\/post"}],"author":[{"embeddable":true,"href":"https:\/\/www.stafettkarnevalen.fi\/index.php?rest_route=\/wp\/v2\/users\/4"}],"replies":[{"embeddable":true,"href":"https:\/\/www.stafettkarnevalen.fi\/index.php?rest_route=%2Fwp%2Fv2%2Fcomments&post=700"}],"version-history":[{"count":3,"href":"https:\/\/www.stafettkarnevalen.fi\/index.php?rest_route=\/wp\/v2\/posts\/700\/revisions"}],"predecessor-version":[{"id":736,"href":"https:\/\/www.stafettkarnevalen.fi\/index.php?rest_route=\/wp\/v2\/posts\/700\/revisions\/736"}],"wp:attachment":[{"href":"https:\/\/www.stafettkarnevalen.fi\/index.php?rest_route=%2Fwp%2Fv2%2Fmedia&parent=700"}],"wp:term":[{"taxonomy":"category","embeddable":true,"href":"https:\/\/www.stafettkarnevalen.fi\/index.php?rest_route=%2Fwp%2Fv2%2Fcategories&post=700"},{"taxonomy":"post_tag","embeddable":true,"href":"https:\/\/www.stafettkarnevalen.fi\/index.php?rest_route=%2Fwp%2Fv2%2Ftags&post=700"}],"curies":[{"name":"wp","href":"https:\/\/api.w.org\/{rel}","templated":true}]}}