{"id":855,"date":"2026-04-27T09:44:10","date_gmt":"2026-04-27T06:44:10","guid":{"rendered":"https:\/\/www.stafettkarnevalen.fi\/?p=855"},"modified":"2026-04-27T09:44:10","modified_gmt":"2026-04-27T06:44:10","slug":"stafettkarnevalen-slar-rekord-igen","status":"publish","type":"post","link":"https:\/\/www.stafettkarnevalen.fi\/?p=855","title":{"rendered":"Stafettkarnevalen sl\u00e5r rekord, igen!"},"content":{"rendered":"\n<p>F\u00f6r 64:e g\u00e5ngen samlas skolelever fr\u00e5n hela Svenskfinland till Stafettkarnevalen. Den 22-23 maj 2026 f\u00f6rvandlas Olympiastadion i Helsingfors till en folkfest i r\u00f6relsens och gl\u00e4djens tecken.<\/p>\n\n\n\n<p>\u00c5rets upplaga sl\u00e5r nytt rekord med hela 13 764 starter f\u00f6rdelade p\u00e5 2 043 lag fr\u00e5n 213 skolor. Det \u00e4r en markant \u00f6kning j\u00e4mf\u00f6rt med fjol\u00e5rets 13 035 starter, 1 926 lag och 204 skolor. R\u00e4knas \u00e4ven semi- och finall\u00f6pningarna med uppg\u00e5r det totala antalet starter till imponerande 15 172.<\/p>\n\n\n\n<p>Den enskilt st\u00f6rsta stafettet \u00e4r 12&#215;80 meter mixed f\u00f6r \u00e5rskurserna 1-6, som i \u00e5r samlar hela 2 568 deltagare. Ett gott betyg p\u00e5 Stafettkarnevalens unika f\u00f6rm\u00e5ga att engagera barn i alla \u00e5ldrar.<\/p>\n\n\n\n<blockquote class=\"wp-block-quote is-layout-flow wp-block-quote-is-layout-flow\">\n<p><em>Stafettkarnevalen \u00e4r en tradition som f\u00f6renar generationer och s\u00e4tter r\u00f6relse och gl\u00e4dje i centrum. Att se rekordm\u00e5nga skolor och lag anm\u00e4lda \u00e4r ett fantastiskt kvitto p\u00e5 att evenemanget forts\u00e4tter att leva och v\u00e4xa<\/em>, s\u00e4ger Jeje Ekl\u00f6f, Stafettkarnevalens generalsekreterare.\u00a0<\/p>\n<\/blockquote>\n\n\n\n<blockquote class=\"wp-block-quote is-layout-flow wp-block-quote-is-layout-flow\">\n<p><em>Med 15 172 starter f\u00f6rdelade p\u00e5 tv\u00e5 dagar \u00e4r schemal\u00e4ggningen ett minutpussel av s\u00e4llan sk\u00e5dat slag. Varje lopp ska klaffa, varje bana ska vara redo och varje lag ska veta exakt var och n\u00e4r de ska vara var. Det finns inget utrymme f\u00f6r fel n\u00e4r s\u00e5 m\u00e5nga barn v\u00e4ntar p\u00e5 sitt startskott, s\u00e4ger t\u00e4vlingsledaren Mirko Pennanen.<\/em><\/p>\n<\/blockquote>\n\n\n\n<p><strong>Fakta om Stafettkarnevalen 2026<\/strong>&nbsp;<\/p>\n\n\n\n<p>Antal starter: 13 764 (f\u00f6rra \u00e5ret: 13 035)<br>Deltagande lag: 2 043 (1 926)<br>Deltagande skolor: 213 (204)<br>Totalt starter inkl. semifinaler och finaler: 15 172 (14 443)<br>Antalet funktion\u00e4rer: 160&nbsp;<\/p>\n\n\n\n<p><strong>F\u00f6r mera information<\/strong><\/p>\n\n\n\n<p>Jeje Ekl\u00f6f<br><a href=\"mailto:jeje@stafettkarnevalen.fi\">jeje@stafettkarnevalen.fi<\/a><br>+358 40 184 6380<\/p>\n","protected":false},"excerpt":{"rendered":"<p>F\u00f6r 64:e g\u00e5ngen samlas skolelever fr\u00e5n hela Svenskfinland till Stafettkarnevalen. Den 22-23 maj 2026 f\u00f6rvandlas Olympiastadion i Helsingfors till en[&#8230;]<\/p>\n","protected":false},"author":4,"featured_media":0,"comment_status":"open","ping_status":"open","sticky":false,"template":"","format":"standard","meta":{"footnotes":""},"categories":[1],"tags":[],"class_list":["post-855","post","type-post","status-publish","format-standard","hentry","category-uncategorized"],"_links":{"self":[{"href":"https:\/\/www.stafettkarnevalen.fi\/index.php?rest_route=\/wp\/v2\/posts\/855","targetHints":{"allow":["GET"]}}],"collection":[{"href":"https:\/\/www.stafettkarnevalen.fi\/index.php?rest_route=\/wp\/v2\/posts"}],"about":[{"href":"https:\/\/www.stafettkarnevalen.fi\/index.php?rest_route=\/wp\/v2\/types\/post"}],"author":[{"embeddable":true,"href":"https:\/\/www.stafettkarnevalen.fi\/index.php?rest_route=\/wp\/v2\/users\/4"}],"replies":[{"embeddable":true,"href":"https:\/\/www.stafettkarnevalen.fi\/index.php?rest_route=%2Fwp%2Fv2%2Fcomments&post=855"}],"version-history":[{"count":1,"href":"https:\/\/www.stafettkarnevalen.fi\/index.php?rest_route=\/wp\/v2\/posts\/855\/revisions"}],"predecessor-version":[{"id":856,"href":"https:\/\/www.stafettkarnevalen.fi\/index.php?rest_route=\/wp\/v2\/posts\/855\/revisions\/856"}],"wp:attachment":[{"href":"https:\/\/www.stafettkarnevalen.fi\/index.php?rest_route=%2Fwp%2Fv2%2Fmedia&parent=855"}],"wp:term":[{"taxonomy":"category","embeddable":true,"href":"https:\/\/www.stafettkarnevalen.fi\/index.php?rest_route=%2Fwp%2Fv2%2Fcategories&post=855"},{"taxonomy":"post_tag","embeddable":true,"href":"https:\/\/www.stafettkarnevalen.fi\/index.php?rest_route=%2Fwp%2Fv2%2Ftags&post=855"}],"curies":[{"name":"wp","href":"https:\/\/api.w.org\/{rel}","templated":true}]}}